{"id":481,"date":"2021-11-10T17:48:39","date_gmt":"2021-11-10T16:48:39","guid":{"rendered":"http:\/\/seastemic.com\/?p=481"},"modified":"2024-07-10T09:46:41","modified_gmt":"2024-07-10T07:46:41","slug":"exposition-photo-planete-mere-un-oeil-dans-locean","status":"publish","type":"post","link":"https:\/\/seastemic.com\/index.php\/2021\/11\/10\/exposition-photo-planete-mere-un-oeil-dans-locean\/","title":{"rendered":"Exposition Photo \u00ab\u00a0Plan\u00e8te Mer(e), un oeil dans l&rsquo;Oc\u00e9an\u00a0\u00bb"},"content":{"rendered":"\n<p>Il \u00e9tait temps que j&rsquo;en parle !  depuis le 14 septembre mon travail photographique est expos\u00e9 \u00e0 <a href=\"https:\/\/goo.gl\/maps\/JCF4nLKkJjTAuFTr6\">la \u00ab\u00a0galerie de l&rsquo;oeil\u00a0\u00bb au sein de l&rsquo;espace Bazacle Edf  \u00e0 Toulouse !<\/a> Sur le th\u00e8me de l&rsquo;oc\u00e9an je vous invite \u00e0 venir voyager autour du monde ;  de la M\u00e9diterran\u00e9e jusqu&rsquo;en Polyn\u00e9sie en qu\u00eate de beaut\u00e9 et de sauvegarde de la nature marine. <\/p>\n\n\n\n<p>Du corallig\u00e8ne de M\u00e9diterran\u00e9e aux fous masqu\u00e9s de Clipperton en passant par les dauphins de Rangiroa dans l&rsquo;archipel des Tuamotu en Polyn\u00e9sie Fran\u00e7aise, un voyage sur l&rsquo;eau et sous l&rsquo;eau. Une exposition photo pour apprendre, s&rsquo;\u00e9merveiller, s&rsquo;indigner et faire cro\u00eetre l&rsquo;envie de d\u00e9fendre la beaut\u00e9 fragile de notre plan\u00e8te, notre Plan\u00e8te Mer(e)<\/p>\n\n\n\n<p>Allez vite visiter ce lieu magique et profiter de l&rsquo;exposition jusqu&rsquo;au 28 novembre inclus ! (tous les jours du mardi au dimanche inclus de 10h \u00e0 18h non stop) <\/p>\n\n\n\n<p>Et en bonus  je donnerai une conf\u00e9rence gratuite \u00ab\u00a0Oc\u00e9an et Plastique\u00a0\u00bb \ud83c\udf0e :  Le 20 novembre de 11h \u00e0 12h30 au Bazacle ou je partagerai mon retour d&rsquo;exp\u00e9rience lors d&rsquo;une mission scientifique sur l&rsquo;atoll de #Clipperton\ud83c\udfdd\ufe0f<br> R\u00e9servation obligatoire au 05 62 30 16 00<\/p>\n\n\n\n<figure class=\"wp-block-gallery aligncenter has-nested-images columns-3 is-cropped wp-block-gallery-1 is-layout-flex wp-block-gallery-is-layout-flex\">\n<figure class=\"wp-block-image size-large is-style-default\"><a href=\"https:\/\/seastemic.com\/wp-content\/uploads\/2021\/11\/20211027_151612_FR-Toulouse-ExpositionBazacle.jpg\" target=\"_blank\" rel=\"noopener\"><img loading=\"lazy\" decoding=\"async\" width=\"1024\" height=\"684\" data-id=\"500\" src=\"https:\/\/seastemic.com\/wp-content\/uploads\/2021\/11\/20211027_151612_FR-Toulouse-ExpositionBazacle-1024x684.jpg\" alt=\"\" class=\"wp-image-500\" srcset=\"https:\/\/seastemic.com\/wp-content\/uploads\/2021\/11\/20211027_151612_FR-Toulouse-ExpositionBazacle-1024x684.jpg 1024w, https:\/\/seastemic.com\/wp-content\/uploads\/2021\/11\/20211027_151612_FR-Toulouse-ExpositionBazacle-300x200.jpg 300w, https:\/\/seastemic.com\/wp-content\/uploads\/2021\/11\/20211027_151612_FR-Toulouse-ExpositionBazacle-768x513.jpg 768w, https:\/\/seastemic.com\/wp-content\/uploads\/2021\/11\/20211027_151612_FR-Toulouse-ExpositionBazacle-360x240.jpg 360w\" sizes=\"auto, (max-width: 1024px) 100vw, 1024px\" \/><\/a><figcaption>La galerie de l&rsquo;oeil<\/figcaption><\/figure>\n\n\n\n<figure class=\"wp-block-image size-large is-style-default\"><a href=\"https:\/\/seastemic.com\/wp-content\/uploads\/2021\/11\/20211027_151931_FR-Toulouse-ExpositionBazacle.jpg\" target=\"_blank\" rel=\"noopener\"><img loading=\"lazy\" decoding=\"async\" width=\"1024\" height=\"1024\" data-id=\"498\" src=\"https:\/\/seastemic.com\/wp-content\/uploads\/2021\/11\/20211027_151931_FR-Toulouse-ExpositionBazacle-1024x1024.jpg\" alt=\"\" class=\"wp-image-498\" srcset=\"https:\/\/seastemic.com\/wp-content\/uploads\/2021\/11\/20211027_151931_FR-Toulouse-ExpositionBazacle-1024x1024.jpg 1024w, https:\/\/seastemic.com\/wp-content\/uploads\/2021\/11\/20211027_151931_FR-Toulouse-ExpositionBazacle-150x150.jpg 150w, https:\/\/seastemic.com\/wp-content\/uploads\/2021\/11\/20211027_151931_FR-Toulouse-ExpositionBazacle-300x300.jpg 300w, https:\/\/seastemic.com\/wp-content\/uploads\/2021\/11\/20211027_151931_FR-Toulouse-ExpositionBazacle-768x768.jpg 768w, https:\/\/seastemic.com\/wp-content\/uploads\/2021\/11\/20211027_151931_FR-Toulouse-ExpositionBazacle-50x50.jpg 50w\" sizes=\"auto, (max-width: 1024px) 100vw, 1024px\" \/><\/a><figcaption>La galerie de l&rsquo;oeil<\/figcaption><\/figure>\n\n\n\n<figure class=\"wp-block-image size-large is-style-default\"><a href=\"https:\/\/seastemic.com\/wp-content\/uploads\/2021\/11\/20211027_153616_FR-Toulouse-ExpositionBazacle.jpg\" target=\"_blank\" rel=\"noopener\"><img loading=\"lazy\" decoding=\"async\" width=\"1024\" height=\"768\" data-id=\"486\" src=\"https:\/\/seastemic.com\/wp-content\/uploads\/2021\/11\/20211027_153616_FR-Toulouse-ExpositionBazacle-1024x768.jpg\" alt=\"\" class=\"wp-image-486\" srcset=\"https:\/\/seastemic.com\/wp-content\/uploads\/2021\/11\/20211027_153616_FR-Toulouse-ExpositionBazacle-1024x768.jpg 1024w, https:\/\/seastemic.com\/wp-content\/uploads\/2021\/11\/20211027_153616_FR-Toulouse-ExpositionBazacle-300x225.jpg 300w, https:\/\/seastemic.com\/wp-content\/uploads\/2021\/11\/20211027_153616_FR-Toulouse-ExpositionBazacle-768x576.jpg 768w\" sizes=\"auto, (max-width: 1024px) 100vw, 1024px\" \/><\/a><\/figure>\n\n\n\n<figure class=\"wp-block-image size-large is-style-default\"><a href=\"https:\/\/seastemic.com\/wp-content\/uploads\/2021\/11\/20211027_153605_FR-Toulouse-ExpositionBazacle.jpg\" target=\"_blank\" rel=\"noopener\"><img loading=\"lazy\" decoding=\"async\" width=\"1024\" height=\"768\" data-id=\"487\" src=\"https:\/\/seastemic.com\/wp-content\/uploads\/2021\/11\/20211027_153605_FR-Toulouse-ExpositionBazacle-1024x768.jpg\" alt=\"\" class=\"wp-image-487\" srcset=\"https:\/\/seastemic.com\/wp-content\/uploads\/2021\/11\/20211027_153605_FR-Toulouse-ExpositionBazacle-1024x768.jpg 1024w, https:\/\/seastemic.com\/wp-content\/uploads\/2021\/11\/20211027_153605_FR-Toulouse-ExpositionBazacle-300x225.jpg 300w, https:\/\/seastemic.com\/wp-content\/uploads\/2021\/11\/20211027_153605_FR-Toulouse-ExpositionBazacle-768x576.jpg 768w\" sizes=\"auto, (max-width: 1024px) 100vw, 1024px\" \/><\/a><\/figure>\n\n\n\n<figure class=\"wp-block-image size-large is-style-default\"><a href=\"https:\/\/seastemic.com\/wp-content\/uploads\/2021\/11\/20211027_152043_FR-Toulouse-ExpositionBazacle.jpg\" target=\"_blank\" rel=\"noopener\"><img loading=\"lazy\" decoding=\"async\" width=\"1024\" height=\"684\" data-id=\"494\" src=\"https:\/\/seastemic.com\/wp-content\/uploads\/2021\/11\/20211027_152043_FR-Toulouse-ExpositionBazacle-1024x684.jpg\" alt=\"\" class=\"wp-image-494\" srcset=\"https:\/\/seastemic.com\/wp-content\/uploads\/2021\/11\/20211027_152043_FR-Toulouse-ExpositionBazacle-1024x684.jpg 1024w, https:\/\/seastemic.com\/wp-content\/uploads\/2021\/11\/20211027_152043_FR-Toulouse-ExpositionBazacle-300x200.jpg 300w, https:\/\/seastemic.com\/wp-content\/uploads\/2021\/11\/20211027_152043_FR-Toulouse-ExpositionBazacle-768x513.jpg 768w, https:\/\/seastemic.com\/wp-content\/uploads\/2021\/11\/20211027_152043_FR-Toulouse-ExpositionBazacle-360x240.jpg 360w\" sizes=\"auto, (max-width: 1024px) 100vw, 1024px\" \/><\/a><figcaption>Double face<\/figcaption><\/figure>\n\n\n\n<figure class=\"wp-block-image size-large is-style-default\"><a href=\"https:\/\/seastemic.com\/wp-content\/uploads\/2021\/11\/20211027_152031_FR-Toulouse-ExpositionBazacle.jpg\" target=\"_blank\" rel=\"noopener\"><img loading=\"lazy\" decoding=\"async\" width=\"1024\" height=\"684\" data-id=\"495\" src=\"https:\/\/seastemic.com\/wp-content\/uploads\/2021\/11\/20211027_152031_FR-Toulouse-ExpositionBazacle-1024x684.jpg\" alt=\"\" class=\"wp-image-495\" srcset=\"https:\/\/seastemic.com\/wp-content\/uploads\/2021\/11\/20211027_152031_FR-Toulouse-ExpositionBazacle-1024x684.jpg 1024w, https:\/\/seastemic.com\/wp-content\/uploads\/2021\/11\/20211027_152031_FR-Toulouse-ExpositionBazacle-300x200.jpg 300w, https:\/\/seastemic.com\/wp-content\/uploads\/2021\/11\/20211027_152031_FR-Toulouse-ExpositionBazacle-768x513.jpg 768w, https:\/\/seastemic.com\/wp-content\/uploads\/2021\/11\/20211027_152031_FR-Toulouse-ExpositionBazacle-360x240.jpg 360w\" sizes=\"auto, (max-width: 1024px) 100vw, 1024px\" \/><\/a><figcaption>Seul \u00e0 Tiputa<\/figcaption><\/figure>\n\n\n\n<figure class=\"wp-block-image size-large is-style-default\"><a href=\"https:\/\/seastemic.com\/wp-content\/uploads\/2021\/11\/20211027_152021_FR-Toulouse-ExpositionBazacle.jpg\" target=\"_blank\" rel=\"noopener\"><img loading=\"lazy\" decoding=\"async\" width=\"1024\" height=\"768\" data-id=\"496\" src=\"https:\/\/seastemic.com\/wp-content\/uploads\/2021\/11\/20211027_152021_FR-Toulouse-ExpositionBazacle-1024x768.jpg\" alt=\"\" class=\"wp-image-496\" srcset=\"https:\/\/seastemic.com\/wp-content\/uploads\/2021\/11\/20211027_152021_FR-Toulouse-ExpositionBazacle-1024x768.jpg 1024w, https:\/\/seastemic.com\/wp-content\/uploads\/2021\/11\/20211027_152021_FR-Toulouse-ExpositionBazacle-300x225.jpg 300w, https:\/\/seastemic.com\/wp-content\/uploads\/2021\/11\/20211027_152021_FR-Toulouse-ExpositionBazacle-768x576.jpg 768w\" sizes=\"auto, (max-width: 1024px) 100vw, 1024px\" \/><\/a><figcaption>Si proche si loin<\/figcaption><\/figure>\n\n\n\n<figure class=\"wp-block-image size-large is-style-default\"><a href=\"https:\/\/seastemic.com\/wp-content\/uploads\/2021\/11\/20211027_152907_FR-Toulouse-ExpositionBazacle.jpg\" target=\"_blank\" rel=\"noopener\"><img loading=\"lazy\" decoding=\"async\" width=\"1024\" height=\"684\" data-id=\"493\" src=\"https:\/\/seastemic.com\/wp-content\/uploads\/2021\/11\/20211027_152907_FR-Toulouse-ExpositionBazacle-1024x684.jpg\" alt=\"\" class=\"wp-image-493\" srcset=\"https:\/\/seastemic.com\/wp-content\/uploads\/2021\/11\/20211027_152907_FR-Toulouse-ExpositionBazacle-1024x684.jpg 1024w, https:\/\/seastemic.com\/wp-content\/uploads\/2021\/11\/20211027_152907_FR-Toulouse-ExpositionBazacle-300x200.jpg 300w, https:\/\/seastemic.com\/wp-content\/uploads\/2021\/11\/20211027_152907_FR-Toulouse-ExpositionBazacle-768x513.jpg 768w, https:\/\/seastemic.com\/wp-content\/uploads\/2021\/11\/20211027_152907_FR-Toulouse-ExpositionBazacle-360x240.jpg 360w\" sizes=\"auto, (max-width: 1024px) 100vw, 1024px\" \/><\/a><figcaption>La galerie de l&rsquo;oeil<\/figcaption><\/figure>\n\n\n\n<figure class=\"wp-block-image size-large is-style-default\"><a href=\"https:\/\/seastemic.com\/wp-content\/uploads\/2021\/11\/20211027_153422_FR-Toulouse-ExpositionBazacle.jpg\" target=\"_blank\" rel=\"noopener\"><img loading=\"lazy\" decoding=\"async\" width=\"1024\" height=\"684\" data-id=\"489\" src=\"https:\/\/seastemic.com\/wp-content\/uploads\/2021\/11\/20211027_153422_FR-Toulouse-ExpositionBazacle-1024x684.jpg\" alt=\"\" class=\"wp-image-489\" srcset=\"https:\/\/seastemic.com\/wp-content\/uploads\/2021\/11\/20211027_153422_FR-Toulouse-ExpositionBazacle-1024x684.jpg 1024w, https:\/\/seastemic.com\/wp-content\/uploads\/2021\/11\/20211027_153422_FR-Toulouse-ExpositionBazacle-300x200.jpg 300w, https:\/\/seastemic.com\/wp-content\/uploads\/2021\/11\/20211027_153422_FR-Toulouse-ExpositionBazacle-768x513.jpg 768w, https:\/\/seastemic.com\/wp-content\/uploads\/2021\/11\/20211027_153422_FR-Toulouse-ExpositionBazacle-360x240.jpg 360w\" sizes=\"auto, (max-width: 1024px) 100vw, 1024px\" \/><\/a><figcaption>Fous regardant un fou ?<\/figcaption><\/figure>\n\n\n\n<figure class=\"wp-block-image size-large is-style-default\"><a href=\"https:\/\/seastemic.com\/wp-content\/uploads\/2021\/11\/20211027_153248_FR-Toulouse-ExpositionBazacle.jpg\" target=\"_blank\" rel=\"noopener\"><img loading=\"lazy\" decoding=\"async\" width=\"1024\" height=\"684\" data-id=\"490\" src=\"https:\/\/seastemic.com\/wp-content\/uploads\/2021\/11\/20211027_153248_FR-Toulouse-ExpositionBazacle-1024x684.jpg\" alt=\"\" class=\"wp-image-490\" srcset=\"https:\/\/seastemic.com\/wp-content\/uploads\/2021\/11\/20211027_153248_FR-Toulouse-ExpositionBazacle-1024x684.jpg 1024w, https:\/\/seastemic.com\/wp-content\/uploads\/2021\/11\/20211027_153248_FR-Toulouse-ExpositionBazacle-300x200.jpg 300w, https:\/\/seastemic.com\/wp-content\/uploads\/2021\/11\/20211027_153248_FR-Toulouse-ExpositionBazacle-768x513.jpg 768w, https:\/\/seastemic.com\/wp-content\/uploads\/2021\/11\/20211027_153248_FR-Toulouse-ExpositionBazacle-360x240.jpg 360w\" sizes=\"auto, (max-width: 1024px) 100vw, 1024px\" \/><\/a><figcaption>Apocalypse ?<\/figcaption><\/figure>\n\n\n\n<figure class=\"wp-block-image size-large is-style-default\"><a href=\"https:\/\/seastemic.com\/wp-content\/uploads\/2021\/11\/20211027_153158_FR-Toulouse-ExpositionBazacle.jpg\" target=\"_blank\" rel=\"noopener\"><img loading=\"lazy\" decoding=\"async\" width=\"1024\" height=\"684\" data-id=\"491\" src=\"https:\/\/seastemic.com\/wp-content\/uploads\/2021\/11\/20211027_153158_FR-Toulouse-ExpositionBazacle-1024x684.jpg\" alt=\"\" class=\"wp-image-491\" srcset=\"https:\/\/seastemic.com\/wp-content\/uploads\/2021\/11\/20211027_153158_FR-Toulouse-ExpositionBazacle-1024x684.jpg 1024w, https:\/\/seastemic.com\/wp-content\/uploads\/2021\/11\/20211027_153158_FR-Toulouse-ExpositionBazacle-300x200.jpg 300w, https:\/\/seastemic.com\/wp-content\/uploads\/2021\/11\/20211027_153158_FR-Toulouse-ExpositionBazacle-768x513.jpg 768w, https:\/\/seastemic.com\/wp-content\/uploads\/2021\/11\/20211027_153158_FR-Toulouse-ExpositionBazacle-360x240.jpg 360w\" sizes=\"auto, (max-width: 1024px) 100vw, 1024px\" \/><\/a><figcaption>Clipperton vue lagon<\/figcaption><\/figure>\n\n\n\n<figure class=\"wp-block-image size-large is-style-default\"><a href=\"https:\/\/seastemic.com\/wp-content\/uploads\/2021\/11\/20211027_153135_FR-Toulouse-ExpositionBazacle.jpg\" target=\"_blank\" rel=\"noopener\"><img loading=\"lazy\" decoding=\"async\" width=\"1024\" height=\"684\" data-id=\"492\" src=\"https:\/\/seastemic.com\/wp-content\/uploads\/2021\/11\/20211027_153135_FR-Toulouse-ExpositionBazacle-1024x684.jpg\" alt=\"\" class=\"wp-image-492\" srcset=\"https:\/\/seastemic.com\/wp-content\/uploads\/2021\/11\/20211027_153135_FR-Toulouse-ExpositionBazacle-1024x684.jpg 1024w, https:\/\/seastemic.com\/wp-content\/uploads\/2021\/11\/20211027_153135_FR-Toulouse-ExpositionBazacle-300x200.jpg 300w, https:\/\/seastemic.com\/wp-content\/uploads\/2021\/11\/20211027_153135_FR-Toulouse-ExpositionBazacle-768x513.jpg 768w, https:\/\/seastemic.com\/wp-content\/uploads\/2021\/11\/20211027_153135_FR-Toulouse-ExpositionBazacle-360x240.jpg 360w\" sizes=\"auto, (max-width: 1024px) 100vw, 1024px\" \/><\/a><figcaption>Bienvenue sur Clipperton<\/figcaption><\/figure>\n\n\n\n<figure class=\"wp-block-image size-large is-style-default\"><a href=\"https:\/\/seastemic.com\/wp-content\/uploads\/2021\/11\/20211027_151944_FR-Toulouse-ExpositionBazacle.jpg\" target=\"_blank\" rel=\"noopener\"><img loading=\"lazy\" decoding=\"async\" width=\"1024\" height=\"684\" data-id=\"497\" src=\"https:\/\/seastemic.com\/wp-content\/uploads\/2021\/11\/20211027_151944_FR-Toulouse-ExpositionBazacle-1024x684.jpg\" alt=\"\" class=\"wp-image-497\" srcset=\"https:\/\/seastemic.com\/wp-content\/uploads\/2021\/11\/20211027_151944_FR-Toulouse-ExpositionBazacle-1024x684.jpg 1024w, https:\/\/seastemic.com\/wp-content\/uploads\/2021\/11\/20211027_151944_FR-Toulouse-ExpositionBazacle-300x200.jpg 300w, https:\/\/seastemic.com\/wp-content\/uploads\/2021\/11\/20211027_151944_FR-Toulouse-ExpositionBazacle-768x513.jpg 768w, https:\/\/seastemic.com\/wp-content\/uploads\/2021\/11\/20211027_151944_FR-Toulouse-ExpositionBazacle-360x240.jpg 360w\" sizes=\"auto, (max-width: 1024px) 100vw, 1024px\" \/><\/a><figcaption>Bless\u00e9(e)s<\/figcaption><\/figure>\n\n\n\n<figure class=\"wp-block-image size-large is-style-default\"><a href=\"https:\/\/seastemic.com\/wp-content\/uploads\/2021\/11\/20211027_151846_FR-Toulouse-ExpositionBazacle.jpg\" target=\"_blank\" rel=\"noopener\"><img loading=\"lazy\" decoding=\"async\" width=\"1024\" height=\"768\" data-id=\"499\" src=\"https:\/\/seastemic.com\/wp-content\/uploads\/2021\/11\/20211027_151846_FR-Toulouse-ExpositionBazacle-1024x768.jpg\" alt=\"\" class=\"wp-image-499\" srcset=\"https:\/\/seastemic.com\/wp-content\/uploads\/2021\/11\/20211027_151846_FR-Toulouse-ExpositionBazacle-1024x768.jpg 1024w, https:\/\/seastemic.com\/wp-content\/uploads\/2021\/11\/20211027_151846_FR-Toulouse-ExpositionBazacle-300x225.jpg 300w, https:\/\/seastemic.com\/wp-content\/uploads\/2021\/11\/20211027_151846_FR-Toulouse-ExpositionBazacle-768x576.jpg 768w\" sizes=\"auto, (max-width: 1024px) 100vw, 1024px\" \/><\/a><figcaption>Galerie de l&rsquo;oeil &#8211; La pi\u00e8ce d&rsquo;eau<\/figcaption><\/figure>\n\n\n\n<figure class=\"wp-block-image size-large is-style-default\"><a href=\"https:\/\/seastemic.com\/wp-content\/uploads\/2021\/11\/20211027_155827_FR-Toulouse-ExpositionBazacle.jpg\" target=\"_blank\" rel=\"noopener\"><img loading=\"lazy\" decoding=\"async\" width=\"1024\" height=\"684\" data-id=\"484\" src=\"https:\/\/seastemic.com\/wp-content\/uploads\/2021\/11\/20211027_155827_FR-Toulouse-ExpositionBazacle-1024x684.jpg\" alt=\"\" class=\"wp-image-484\" srcset=\"https:\/\/seastemic.com\/wp-content\/uploads\/2021\/11\/20211027_155827_FR-Toulouse-ExpositionBazacle-1024x684.jpg 1024w, https:\/\/seastemic.com\/wp-content\/uploads\/2021\/11\/20211027_155827_FR-Toulouse-ExpositionBazacle-300x200.jpg 300w, https:\/\/seastemic.com\/wp-content\/uploads\/2021\/11\/20211027_155827_FR-Toulouse-ExpositionBazacle-768x513.jpg 768w, https:\/\/seastemic.com\/wp-content\/uploads\/2021\/11\/20211027_155827_FR-Toulouse-ExpositionBazacle-360x240.jpg 360w\" sizes=\"auto, (max-width: 1024px) 100vw, 1024px\" \/><\/a><figcaption>Le Bazacle &#8211; Vue sur Toulouse<\/figcaption><\/figure>\n\n\n\n<figure class=\"wp-block-image size-large is-style-rounded\"><a href=\"https:\/\/seastemic.com\/wp-content\/uploads\/2021\/11\/20211027_155903_FR-Toulouse-ExpositionBazacle.jpg\" target=\"_blank\" rel=\"noopener\"><img loading=\"lazy\" decoding=\"async\" width=\"1024\" height=\"684\" data-id=\"483\" src=\"https:\/\/seastemic.com\/wp-content\/uploads\/2021\/11\/20211027_155903_FR-Toulouse-ExpositionBazacle-1024x684.jpg\" alt=\"\" class=\"wp-image-483\" srcset=\"https:\/\/seastemic.com\/wp-content\/uploads\/2021\/11\/20211027_155903_FR-Toulouse-ExpositionBazacle-1024x684.jpg 1024w, https:\/\/seastemic.com\/wp-content\/uploads\/2021\/11\/20211027_155903_FR-Toulouse-ExpositionBazacle-300x200.jpg 300w, https:\/\/seastemic.com\/wp-content\/uploads\/2021\/11\/20211027_155903_FR-Toulouse-ExpositionBazacle-768x513.jpg 768w, https:\/\/seastemic.com\/wp-content\/uploads\/2021\/11\/20211027_155903_FR-Toulouse-ExpositionBazacle-360x240.jpg 360w\" sizes=\"auto, (max-width: 1024px) 100vw, 1024px\" \/><\/a><figcaption>Le bazacle &#8211; la terrasse<\/figcaption><\/figure>\n\n\n\n<figure class=\"wp-block-image size-large is-style-rounded\"><a href=\"https:\/\/seastemic.com\/wp-content\/uploads\/2021\/11\/20211027_161417_FR-Toulouse-ExpositionBazacle.jpg\" target=\"_blank\" rel=\"noopener\"><img loading=\"lazy\" decoding=\"async\" width=\"1024\" height=\"684\" data-id=\"482\" src=\"https:\/\/seastemic.com\/wp-content\/uploads\/2021\/11\/20211027_161417_FR-Toulouse-ExpositionBazacle-1024x684.jpg\" alt=\"\" class=\"wp-image-482\" srcset=\"https:\/\/seastemic.com\/wp-content\/uploads\/2021\/11\/20211027_161417_FR-Toulouse-ExpositionBazacle-1024x684.jpg 1024w, https:\/\/seastemic.com\/wp-content\/uploads\/2021\/11\/20211027_161417_FR-Toulouse-ExpositionBazacle-300x200.jpg 300w, https:\/\/seastemic.com\/wp-content\/uploads\/2021\/11\/20211027_161417_FR-Toulouse-ExpositionBazacle-768x513.jpg 768w, https:\/\/seastemic.com\/wp-content\/uploads\/2021\/11\/20211027_161417_FR-Toulouse-ExpositionBazacle-360x240.jpg 360w\" sizes=\"auto, (max-width: 1024px) 100vw, 1024px\" \/><\/a><figcaption>Le Bazacle<\/figcaption><\/figure>\n<\/figure>\n","protected":false},"excerpt":{"rendered":"<p>Il \u00e9tait temps que j&rsquo;en parle ! depuis le 14 septembre mon travail photographique est expos\u00e9 \u00e0 la \u00ab\u00a0galerie de l&rsquo;oeil\u00a0\u00bb au sein de l&rsquo;espace Bazacle Edf \u00e0 Toulouse ! Sur le th\u00e8me de l&rsquo;oc\u00e9an je vous invite \u00e0 venir voyager autour du monde ; de la M\u00e9diterran\u00e9e jusqu&rsquo;en Polyn\u00e9sie en qu\u00eate de beaut\u00e9 et&hellip;&nbsp;<a href=\"https:\/\/seastemic.com\/index.php\/2021\/11\/10\/exposition-photo-planete-mere-un-oeil-dans-locean\/\" class=\"\" rel=\"bookmark\">Lire la suite &raquo;<span class=\"screen-reader-text\">Exposition Photo \u00ab\u00a0Plan\u00e8te Mer(e), un oeil dans l&rsquo;Oc\u00e9an\u00a0\u00bb<\/span><\/a><\/p>\n","protected":false},"author":1,"featured_media":496,"comment_status":"closed","ping_status":"closed","sticky":false,"template":"","format":"standard","meta":{"neve_meta_sidebar":"","neve_meta_container":"","neve_meta_enable_content_width":"","neve_meta_content_width":0,"neve_meta_title_alignment":"","neve_meta_author_avatar":"","neve_post_elements_order":"","neve_meta_disable_header":"","neve_meta_disable_footer":"","neve_meta_disable_title":"","_themeisle_gutenberg_block_has_review":false,"footnotes":""},"categories":[5,7],"tags":[18,17],"class_list":["post-481","post","type-post","status-publish","format-standard","has-post-thumbnail","hentry","category-ocean","category-sensibiliser","tag-exposition","tag-photographie"],"yoast_head":"<!-- This site is optimized with the Yoast SEO plugin v24.4 - https:\/\/yoast.com\/wordpress\/plugins\/seo\/ -->\n<title>Exposition Photo &quot;Plan\u00e8te Mer(e), un oeil dans l&#039;Oc\u00e9an&quot; - Seastemic<\/title>\n<meta name=\"robots\" content=\"index, follow, max-snippet:-1, max-image-preview:large, max-video-preview:-1\" \/>\n<link rel=\"canonical\" href=\"https:\/\/seastemic.com\/index.php\/2021\/11\/10\/exposition-photo-planete-mere-un-oeil-dans-locean\/\" \/>\n<meta property=\"og:locale\" content=\"fr_FR\" \/>\n<meta property=\"og:type\" content=\"article\" \/>\n<meta property=\"og:title\" content=\"Exposition Photo &quot;Plan\u00e8te Mer(e), un oeil dans l&#039;Oc\u00e9an&quot; - Seastemic\" \/>\n<meta property=\"og:description\" content=\"Il \u00e9tait temps que j&rsquo;en parle ! depuis le 14 septembre mon travail photographique est expos\u00e9 \u00e0 la \u00ab\u00a0galerie de l&rsquo;oeil\u00a0\u00bb au sein de l&rsquo;espace Bazacle Edf \u00e0 Toulouse ! Sur le th\u00e8me de l&rsquo;oc\u00e9an je vous invite \u00e0 venir voyager autour du monde ; de la M\u00e9diterran\u00e9e jusqu&rsquo;en Polyn\u00e9sie en qu\u00eate de beaut\u00e9 et&hellip;&nbsp;Lire la suite &raquo;Exposition Photo \u00ab\u00a0Plan\u00e8te Mer(e), un oeil dans l&rsquo;Oc\u00e9an\u00a0\u00bb\" \/>\n<meta property=\"og:url\" content=\"https:\/\/seastemic.com\/index.php\/2021\/11\/10\/exposition-photo-planete-mere-un-oeil-dans-locean\/\" \/>\n<meta property=\"og:site_name\" content=\"Seastemic\" \/>\n<meta property=\"article:published_time\" content=\"2021-11-10T16:48:39+00:00\" \/>\n<meta property=\"article:modified_time\" content=\"2024-07-10T07:46:41+00:00\" \/>\n<meta property=\"og:image\" content=\"https:\/\/seastemic.com\/wp-content\/uploads\/2021\/11\/20211027_152021_FR-Toulouse-ExpositionBazacle-1024x768.jpg\" \/>\n\t<meta property=\"og:image:width\" content=\"1024\" \/>\n\t<meta property=\"og:image:height\" content=\"768\" \/>\n\t<meta property=\"og:image:type\" content=\"image\/jpeg\" \/>\n<meta name=\"author\" content=\"Eric Cros\" \/>\n<meta name=\"twitter:card\" content=\"summary_large_image\" \/>\n<meta name=\"twitter:label1\" content=\"\u00c9crit par\" \/>\n\t<meta name=\"twitter:data1\" content=\"Eric Cros\" \/>\n\t<meta name=\"twitter:label2\" content=\"Dur\u00e9e de lecture estim\u00e9e\" \/>\n\t<meta name=\"twitter:data2\" content=\"1 minute\" \/>\n<script type=\"application\/ld+json\" class=\"yoast-schema-graph\">{\"@context\":\"https:\/\/schema.org\",\"@graph\":[{\"@type\":\"Article\",\"@id\":\"https:\/\/seastemic.com\/index.php\/2021\/11\/10\/exposition-photo-planete-mere-un-oeil-dans-locean\/#article\",\"isPartOf\":{\"@id\":\"https:\/\/seastemic.com\/index.php\/2021\/11\/10\/exposition-photo-planete-mere-un-oeil-dans-locean\/\"},\"author\":{\"name\":\"Eric Cros\",\"@id\":\"https:\/\/seastemic.com\/#\/schema\/person\/bac0f6e495ca5e3e4d650f334f052876\"},\"headline\":\"Exposition Photo \u00ab\u00a0Plan\u00e8te Mer(e), un oeil dans l&rsquo;Oc\u00e9an\u00a0\u00bb\",\"datePublished\":\"2021-11-10T16:48:39+00:00\",\"dateModified\":\"2024-07-10T07:46:41+00:00\",\"mainEntityOfPage\":{\"@id\":\"https:\/\/seastemic.com\/index.php\/2021\/11\/10\/exposition-photo-planete-mere-un-oeil-dans-locean\/\"},\"wordCount\":276,\"publisher\":{\"@id\":\"https:\/\/seastemic.com\/#organization\"},\"image\":{\"@id\":\"https:\/\/seastemic.com\/index.php\/2021\/11\/10\/exposition-photo-planete-mere-un-oeil-dans-locean\/#primaryimage\"},\"thumbnailUrl\":\"https:\/\/seastemic.com\/wp-content\/uploads\/2021\/11\/20211027_152021_FR-Toulouse-ExpositionBazacle.jpg\",\"keywords\":[\"exposition\",\"photographie\"],\"articleSection\":[\"oc\u00e9an\",\"sensibiliser\"],\"inLanguage\":\"fr-FR\"},{\"@type\":\"WebPage\",\"@id\":\"https:\/\/seastemic.com\/index.php\/2021\/11\/10\/exposition-photo-planete-mere-un-oeil-dans-locean\/\",\"url\":\"https:\/\/seastemic.com\/index.php\/2021\/11\/10\/exposition-photo-planete-mere-un-oeil-dans-locean\/\",\"name\":\"Exposition Photo \\\"Plan\u00e8te Mer(e), un oeil dans l'Oc\u00e9an\\\" - Seastemic\",\"isPartOf\":{\"@id\":\"https:\/\/seastemic.com\/#website\"},\"primaryImageOfPage\":{\"@id\":\"https:\/\/seastemic.com\/index.php\/2021\/11\/10\/exposition-photo-planete-mere-un-oeil-dans-locean\/#primaryimage\"},\"image\":{\"@id\":\"https:\/\/seastemic.com\/index.php\/2021\/11\/10\/exposition-photo-planete-mere-un-oeil-dans-locean\/#primaryimage\"},\"thumbnailUrl\":\"https:\/\/seastemic.com\/wp-content\/uploads\/2021\/11\/20211027_152021_FR-Toulouse-ExpositionBazacle.jpg\",\"datePublished\":\"2021-11-10T16:48:39+00:00\",\"dateModified\":\"2024-07-10T07:46:41+00:00\",\"breadcrumb\":{\"@id\":\"https:\/\/seastemic.com\/index.php\/2021\/11\/10\/exposition-photo-planete-mere-un-oeil-dans-locean\/#breadcrumb\"},\"inLanguage\":\"fr-FR\",\"potentialAction\":[{\"@type\":\"ReadAction\",\"target\":[\"https:\/\/seastemic.com\/index.php\/2021\/11\/10\/exposition-photo-planete-mere-un-oeil-dans-locean\/\"]}]},{\"@type\":\"ImageObject\",\"inLanguage\":\"fr-FR\",\"@id\":\"https:\/\/seastemic.com\/index.php\/2021\/11\/10\/exposition-photo-planete-mere-un-oeil-dans-locean\/#primaryimage\",\"url\":\"https:\/\/seastemic.com\/wp-content\/uploads\/2021\/11\/20211027_152021_FR-Toulouse-ExpositionBazacle.jpg\",\"contentUrl\":\"https:\/\/seastemic.com\/wp-content\/uploads\/2021\/11\/20211027_152021_FR-Toulouse-ExpositionBazacle.jpg\",\"width\":4691,\"height\":3518,\"caption\":\"Si proche si loin\"},{\"@type\":\"BreadcrumbList\",\"@id\":\"https:\/\/seastemic.com\/index.php\/2021\/11\/10\/exposition-photo-planete-mere-un-oeil-dans-locean\/#breadcrumb\",\"itemListElement\":[{\"@type\":\"ListItem\",\"position\":1,\"name\":\"Accueil\",\"item\":\"https:\/\/seastemic.com\/\"},{\"@type\":\"ListItem\",\"position\":2,\"name\":\"Exposition Photo \u00ab\u00a0Plan\u00e8te Mer(e), un oeil dans l&rsquo;Oc\u00e9an\u00a0\u00bb\"}]},{\"@type\":\"WebSite\",\"@id\":\"https:\/\/seastemic.com\/#website\",\"url\":\"https:\/\/seastemic.com\/\",\"name\":\"Seastemic\",\"description\":\"Inspirer, Former, Transformer\",\"publisher\":{\"@id\":\"https:\/\/seastemic.com\/#organization\"},\"potentialAction\":[{\"@type\":\"SearchAction\",\"target\":{\"@type\":\"EntryPoint\",\"urlTemplate\":\"https:\/\/seastemic.com\/?s={search_term_string}\"},\"query-input\":{\"@type\":\"PropertyValueSpecification\",\"valueRequired\":true,\"valueName\":\"search_term_string\"}}],\"inLanguage\":\"fr-FR\"},{\"@type\":\"Organization\",\"@id\":\"https:\/\/seastemic.com\/#organization\",\"name\":\"Seastemic\",\"url\":\"https:\/\/seastemic.com\/\",\"logo\":{\"@type\":\"ImageObject\",\"inLanguage\":\"fr-FR\",\"@id\":\"https:\/\/seastemic.com\/#\/schema\/logo\/image\/\",\"url\":\"https:\/\/seastemic.com\/wp-content\/uploads\/2023\/06\/cropped-cropped-icone_seastemic.png\",\"contentUrl\":\"https:\/\/seastemic.com\/wp-content\/uploads\/2023\/06\/cropped-cropped-icone_seastemic.png\",\"width\":\"512\",\"height\":\"512\",\"caption\":\"Seastemic\"},\"image\":{\"@id\":\"https:\/\/seastemic.com\/#\/schema\/logo\/image\/\"},\"sameAs\":[\"https:\/\/www.linkedin.com\/company\/seastemic31\"]},{\"@type\":\"Person\",\"@id\":\"https:\/\/seastemic.com\/#\/schema\/person\/bac0f6e495ca5e3e4d650f334f052876\",\"name\":\"Eric Cros\",\"image\":{\"@type\":\"ImageObject\",\"inLanguage\":\"fr-FR\",\"@id\":\"https:\/\/seastemic.com\/#\/schema\/person\/image\/\",\"url\":\"https:\/\/secure.gravatar.com\/avatar\/4f4646c8bb1abfffbac21cf586e858c9?s=96&r=g\",\"contentUrl\":\"https:\/\/secure.gravatar.com\/avatar\/4f4646c8bb1abfffbac21cf586e858c9?s=96&r=g\",\"caption\":\"Eric Cros\"},\"url\":\"https:\/\/seastemic.com\/index.php\/author\/admin8943\/\"}]}<\/script>\n<!-- \/ Yoast SEO plugin. -->","yoast_head_json":{"title":"Exposition Photo \"Plan\u00e8te Mer(e), un oeil dans l'Oc\u00e9an\" - Seastemic","robots":{"index":"index","follow":"follow","max-snippet":"max-snippet:-1","max-image-preview":"max-image-preview:large","max-video-preview":"max-video-preview:-1"},"canonical":"https:\/\/seastemic.com\/index.php\/2021\/11\/10\/exposition-photo-planete-mere-un-oeil-dans-locean\/","og_locale":"fr_FR","og_type":"article","og_title":"Exposition Photo \"Plan\u00e8te Mer(e), un oeil dans l'Oc\u00e9an\" - Seastemic","og_description":"Il \u00e9tait temps que j&rsquo;en parle ! depuis le 14 septembre mon travail photographique est expos\u00e9 \u00e0 la \u00ab\u00a0galerie de l&rsquo;oeil\u00a0\u00bb au sein de l&rsquo;espace Bazacle Edf \u00e0 Toulouse ! Sur le th\u00e8me de l&rsquo;oc\u00e9an je vous invite \u00e0 venir voyager autour du monde ; de la M\u00e9diterran\u00e9e jusqu&rsquo;en Polyn\u00e9sie en qu\u00eate de beaut\u00e9 et&hellip;&nbsp;Lire la suite &raquo;Exposition Photo \u00ab\u00a0Plan\u00e8te Mer(e), un oeil dans l&rsquo;Oc\u00e9an\u00a0\u00bb","og_url":"https:\/\/seastemic.com\/index.php\/2021\/11\/10\/exposition-photo-planete-mere-un-oeil-dans-locean\/","og_site_name":"Seastemic","article_published_time":"2021-11-10T16:48:39+00:00","article_modified_time":"2024-07-10T07:46:41+00:00","og_image":[{"width":1024,"height":768,"url":"https:\/\/seastemic.com\/wp-content\/uploads\/2021\/11\/20211027_152021_FR-Toulouse-ExpositionBazacle-1024x768.jpg","type":"image\/jpeg"}],"author":"Eric Cros","twitter_card":"summary_large_image","twitter_misc":{"\u00c9crit par":"Eric Cros","Dur\u00e9e de lecture estim\u00e9e":"1 minute"},"schema":{"@context":"https:\/\/schema.org","@graph":[{"@type":"Article","@id":"https:\/\/seastemic.com\/index.php\/2021\/11\/10\/exposition-photo-planete-mere-un-oeil-dans-locean\/#article","isPartOf":{"@id":"https:\/\/seastemic.com\/index.php\/2021\/11\/10\/exposition-photo-planete-mere-un-oeil-dans-locean\/"},"author":{"name":"Eric Cros","@id":"https:\/\/seastemic.com\/#\/schema\/person\/bac0f6e495ca5e3e4d650f334f052876"},"headline":"Exposition Photo \u00ab\u00a0Plan\u00e8te Mer(e), un oeil dans l&rsquo;Oc\u00e9an\u00a0\u00bb","datePublished":"2021-11-10T16:48:39+00:00","dateModified":"2024-07-10T07:46:41+00:00","mainEntityOfPage":{"@id":"https:\/\/seastemic.com\/index.php\/2021\/11\/10\/exposition-photo-planete-mere-un-oeil-dans-locean\/"},"wordCount":276,"publisher":{"@id":"https:\/\/seastemic.com\/#organization"},"image":{"@id":"https:\/\/seastemic.com\/index.php\/2021\/11\/10\/exposition-photo-planete-mere-un-oeil-dans-locean\/#primaryimage"},"thumbnailUrl":"https:\/\/seastemic.com\/wp-content\/uploads\/2021\/11\/20211027_152021_FR-Toulouse-ExpositionBazacle.jpg","keywords":["exposition","photographie"],"articleSection":["oc\u00e9an","sensibiliser"],"inLanguage":"fr-FR"},{"@type":"WebPage","@id":"https:\/\/seastemic.com\/index.php\/2021\/11\/10\/exposition-photo-planete-mere-un-oeil-dans-locean\/","url":"https:\/\/seastemic.com\/index.php\/2021\/11\/10\/exposition-photo-planete-mere-un-oeil-dans-locean\/","name":"Exposition Photo \"Plan\u00e8te Mer(e), un oeil dans l'Oc\u00e9an\" - Seastemic","isPartOf":{"@id":"https:\/\/seastemic.com\/#website"},"primaryImageOfPage":{"@id":"https:\/\/seastemic.com\/index.php\/2021\/11\/10\/exposition-photo-planete-mere-un-oeil-dans-locean\/#primaryimage"},"image":{"@id":"https:\/\/seastemic.com\/index.php\/2021\/11\/10\/exposition-photo-planete-mere-un-oeil-dans-locean\/#primaryimage"},"thumbnailUrl":"https:\/\/seastemic.com\/wp-content\/uploads\/2021\/11\/20211027_152021_FR-Toulouse-ExpositionBazacle.jpg","datePublished":"2021-11-10T16:48:39+00:00","dateModified":"2024-07-10T07:46:41+00:00","breadcrumb":{"@id":"https:\/\/seastemic.com\/index.php\/2021\/11\/10\/exposition-photo-planete-mere-un-oeil-dans-locean\/#breadcrumb"},"inLanguage":"fr-FR","potentialAction":[{"@type":"ReadAction","target":["https:\/\/seastemic.com\/index.php\/2021\/11\/10\/exposition-photo-planete-mere-un-oeil-dans-locean\/"]}]},{"@type":"ImageObject","inLanguage":"fr-FR","@id":"https:\/\/seastemic.com\/index.php\/2021\/11\/10\/exposition-photo-planete-mere-un-oeil-dans-locean\/#primaryimage","url":"https:\/\/seastemic.com\/wp-content\/uploads\/2021\/11\/20211027_152021_FR-Toulouse-ExpositionBazacle.jpg","contentUrl":"https:\/\/seastemic.com\/wp-content\/uploads\/2021\/11\/20211027_152021_FR-Toulouse-ExpositionBazacle.jpg","width":4691,"height":3518,"caption":"Si proche si loin"},{"@type":"BreadcrumbList","@id":"https:\/\/seastemic.com\/index.php\/2021\/11\/10\/exposition-photo-planete-mere-un-oeil-dans-locean\/#breadcrumb","itemListElement":[{"@type":"ListItem","position":1,"name":"Accueil","item":"https:\/\/seastemic.com\/"},{"@type":"ListItem","position":2,"name":"Exposition Photo \u00ab\u00a0Plan\u00e8te Mer(e), un oeil dans l&rsquo;Oc\u00e9an\u00a0\u00bb"}]},{"@type":"WebSite","@id":"https:\/\/seastemic.com\/#website","url":"https:\/\/seastemic.com\/","name":"Seastemic","description":"Inspirer, Former, Transformer","publisher":{"@id":"https:\/\/seastemic.com\/#organization"},"potentialAction":[{"@type":"SearchAction","target":{"@type":"EntryPoint","urlTemplate":"https:\/\/seastemic.com\/?s={search_term_string}"},"query-input":{"@type":"PropertyValueSpecification","valueRequired":true,"valueName":"search_term_string"}}],"inLanguage":"fr-FR"},{"@type":"Organization","@id":"https:\/\/seastemic.com\/#organization","name":"Seastemic","url":"https:\/\/seastemic.com\/","logo":{"@type":"ImageObject","inLanguage":"fr-FR","@id":"https:\/\/seastemic.com\/#\/schema\/logo\/image\/","url":"https:\/\/seastemic.com\/wp-content\/uploads\/2023\/06\/cropped-cropped-icone_seastemic.png","contentUrl":"https:\/\/seastemic.com\/wp-content\/uploads\/2023\/06\/cropped-cropped-icone_seastemic.png","width":"512","height":"512","caption":"Seastemic"},"image":{"@id":"https:\/\/seastemic.com\/#\/schema\/logo\/image\/"},"sameAs":["https:\/\/www.linkedin.com\/company\/seastemic31"]},{"@type":"Person","@id":"https:\/\/seastemic.com\/#\/schema\/person\/bac0f6e495ca5e3e4d650f334f052876","name":"Eric Cros","image":{"@type":"ImageObject","inLanguage":"fr-FR","@id":"https:\/\/seastemic.com\/#\/schema\/person\/image\/","url":"https:\/\/secure.gravatar.com\/avatar\/4f4646c8bb1abfffbac21cf586e858c9?s=96&r=g","contentUrl":"https:\/\/secure.gravatar.com\/avatar\/4f4646c8bb1abfffbac21cf586e858c9?s=96&r=g","caption":"Eric Cros"},"url":"https:\/\/seastemic.com\/index.php\/author\/admin8943\/"}]}},"_links":{"self":[{"href":"https:\/\/seastemic.com\/index.php\/wp-json\/wp\/v2\/posts\/481","targetHints":{"allow":["GET"]}}],"collection":[{"href":"https:\/\/seastemic.com\/index.php\/wp-json\/wp\/v2\/posts"}],"about":[{"href":"https:\/\/seastemic.com\/index.php\/wp-json\/wp\/v2\/types\/post"}],"author":[{"embeddable":true,"href":"https:\/\/seastemic.com\/index.php\/wp-json\/wp\/v2\/users\/1"}],"replies":[{"embeddable":true,"href":"https:\/\/seastemic.com\/index.php\/wp-json\/wp\/v2\/comments?post=481"}],"version-history":[{"count":4,"href":"https:\/\/seastemic.com\/index.php\/wp-json\/wp\/v2\/posts\/481\/revisions"}],"predecessor-version":[{"id":663,"href":"https:\/\/seastemic.com\/index.php\/wp-json\/wp\/v2\/posts\/481\/revisions\/663"}],"wp:featuredmedia":[{"embeddable":true,"href":"https:\/\/seastemic.com\/index.php\/wp-json\/wp\/v2\/media\/496"}],"wp:attachment":[{"href":"https:\/\/seastemic.com\/index.php\/wp-json\/wp\/v2\/media?parent=481"}],"wp:term":[{"taxonomy":"category","embeddable":true,"href":"https:\/\/seastemic.com\/index.php\/wp-json\/wp\/v2\/categories?post=481"},{"taxonomy":"post_tag","embeddable":true,"href":"https:\/\/seastemic.com\/index.php\/wp-json\/wp\/v2\/tags?post=481"}],"curies":[{"name":"wp","href":"https:\/\/api.w.org\/{rel}","templated":true}]}}